{"id":2410,"date":"2021-08-27T14:08:31","date_gmt":"2021-08-27T12:08:31","guid":{"rendered":"https:\/\/www.claudioamorese.it\/?p=2410"},"modified":"2021-09-14T18:43:24","modified_gmt":"2021-09-14T16:43:24","slug":"aeolian-sailing-il-prologo","status":"publish","type":"post","link":"https:\/\/www.claudioamorese.it\/en\/aeolian-sailing-il-prologo\/","title":{"rendered":"Aeolian Sailing \u2013 Il Prologue"},"content":{"rendered":"<p>[fusion_builder_container hundred_percent=&#8221;no&#8221; hundred_percent_height=&#8221;no&#8221; hundred_percent_height_scroll=&#8221;no&#8221; hundred_percent_height_center_content=&#8221;yes&#8221; equal_height_columns=&#8221;no&#8221; menu_anchor=&#8221;&#8221; hide_on_mobile=&#8221;small-visibility,medium-visibility,large-visibility&#8221; status=&#8221;published&#8221; publish_date=&#8221;&#8221; class=&#8221;&#8221; id=&#8221;&#8221; background_color=&#8221;&#8221; background_image=&#8221;&#8221; background_position=&#8221;center center&#8221; background_repeat=&#8221;no-repeat&#8221; fade=&#8221;no&#8221; background_parallax=&#8221;none&#8221; enable_mobile=&#8221;no&#8221; parallax_speed=&#8221;0.3&#8243; video_mp4=&#8221;&#8221; video_webm=&#8221;&#8221; video_ogv=&#8221;&#8221; video_url=&#8221;&#8221; video_aspect_ratio=&#8221;16:9&#8243; video_loop=&#8221;yes&#8221; video_mute=&#8221;yes&#8221; video_preview_image=&#8221;&#8221; border_size=&#8221;&#8221; border_color=&#8221;&#8221; border_style=&#8221;solid&#8221; margin_top=&#8221;&#8221; margin_bottom=&#8221;&#8221; padding_top=&#8221;&#8221; padding_right=&#8221;&#8221; padding_bottom=&#8221;&#8221; padding_left=&#8221;&#8221;][fusion_builder_row][fusion_builder_column type=&#8221;1_3&#8243; layout=&#8221;1_3&#8243; spacing=&#8221;&#8221; center_content=&#8221;no&#8221; link=&#8221;&#8221; target=&#8221;_self&#8221; min_height=&#8221;&#8221; hide_on_mobile=&#8221;small-visibility,medium-visibility,large-visibility&#8221; class=&#8221;&#8221; id=&#8221;&#8221; background_color=&#8221;&#8221; background_image=&#8221;&#8221; background_image_id=&#8221;&#8221; background_position=&#8221;left top&#8221; background_repeat=&#8221;no-repeat&#8221; hover_type=&#8221;none&#8221; border_size=&#8221;0&#8243; border_color=&#8221;&#8221; border_style=&#8221;solid&#8221; border_position=&#8221;all&#8221; border_radius=&#8221;&#8221; box_shadow=&#8221;no&#8221; dimension_box_shadow=&#8221;&#8221; box_shadow_blur=&#8221;0&#8243; box_shadow_spread=&#8221;0&#8243; box_shadow_color=&#8221;&#8221; box_shadow_style=&#8221;&#8221; padding_top=&#8221;&#8221; padding_right=&#8221;&#8221; padding_bottom=&#8221;&#8221; padding_left=&#8221;&#8221; margin_top=&#8221;&#8221; margin_bottom=&#8221;&#8221; animation_type=&#8221;&#8221; animation_direction=&#8221;left&#8221; animation_speed=&#8221;0.3&#8243; animation_offset=&#8221;&#8221; last=&#8221;no&#8221;][fusion_imageframe image_id=&#8221;2398|medium&#8221; max_width=&#8221;&#8221; style_type=&#8221;&#8221; blur=&#8221;&#8221; stylecolor=&#8221;&#8221; hover_type=&#8221;none&#8221; bordersize=&#8221;&#8221; bordercolor=&#8221;&#8221; borderradius=&#8221;&#8221; align=&#8221;none&#8221; lightbox=&#8221;no&#8221; gallery_id=&#8221;&#8221; lightbox_image=&#8221;&#8221; lightbox_image_id=&#8221;&#8221; alt=&#8221;&#8221; link=&#8221;&#8221; linktarget=&#8221;_self&#8221; hide_on_mobile=&#8221;small-visibility,medium-visibility,large-visibility&#8221; class=&#8221;&#8221; id=&#8221;&#8221; animation_type=&#8221;&#8221; animation_direction=&#8221;left&#8221; animation_speed=&#8221;0.3&#8243; animation_offset=&#8221;&#8221;]https:\/\/www.claudioamorese.it\/wp-content\/uploads\/2021\/08\/IMG_4354-300&#215;225.jpg[\/fusion_imageframe][\/fusion_builder_column][fusion_builder_column type=&#8221;2_3&#8243; layout=&#8221;2_3&#8243; spacing=&#8221;&#8221; center_content=&#8221;no&#8221; link=&#8221;&#8221; target=&#8221;_self&#8221; min_height=&#8221;&#8221; hide_on_mobile=&#8221;small-visibility,medium-visibility,large-visibility&#8221; class=&#8221;&#8221; id=&#8221;&#8221; background_color=&#8221;&#8221; background_image=&#8221;&#8221; background_image_id=&#8221;&#8221; background_position=&#8221;left top&#8221; background_repeat=&#8221;no-repeat&#8221; hover_type=&#8221;none&#8221; border_size=&#8221;0&#8243; border_color=&#8221;&#8221; border_style=&#8221;solid&#8221; border_position=&#8221;all&#8221; border_radius=&#8221;&#8221; box_shadow=&#8221;no&#8221; dimension_box_shadow=&#8221;&#8221; box_shadow_blur=&#8221;0&#8243; box_shadow_spread=&#8221;0&#8243; box_shadow_color=&#8221;&#8221; box_shadow_style=&#8221;&#8221; padding_top=&#8221;&#8221; padding_right=&#8221;&#8221; padding_bottom=&#8221;&#8221; padding_left=&#8221;&#8221; margin_top=&#8221;&#8221; margin_bottom=&#8221;&#8221; animation_type=&#8221;&#8221; animation_direction=&#8221;left&#8221; animation_speed=&#8221;0.3&#8243; animation_offset=&#8221;&#8221; last=&#8221;no&#8221;]\n\t\t\t<!-- START Eolie REVOLUTION SLIDER 6.5.5 --><p class=\"rs-p-wp-fix\"><\/p>\n\t\t\t<rs-module-wrap id=\"rev_slider_9_1_wrapper\" data-source=\"gallery\" style=\"visibility:hidden;background:transparent;padding:0;margin:0px auto;margin-top:0;margin-bottom:0;\">\n\t\t\t\t<rs-module id=\"rev_slider_9_1\" style=\"\" data-version=\"6.5.5\">\n\t\t\t\t\t<rs-slides>\n\t\t\t\t\t\t<rs-slide style=\"position: absolute;\" data-key=\"rs-45\" data-title=\"Slide\" data-duration=\"1500ms\" data-anim=\"ms:400;\" data-in=\"o:0;\" data-out=\"a:false;\">\n\t\t\t\t\t\t\t<img decoding=\"async\" src=\"\/\/www.claudioamorese.it\/wp-content\/plugins\/revslider\/public\/assets\/assets\/dummy.png\" alt=\"Slide\" title=\"Aeolian Sailing &#8211; Il Prologo\" class=\"rev-slidebg tp-rs-img rs-lazyload\" data-lazyload=\"\/\/www.claudioamorese.it\/wp-content\/plugins\/revslider\/public\/assets\/assets\/transparent.png\" data-no-retina>\n<!--\n\t\t\t\t\t\t\t--><rs-layer\n\t\t\t\t\t\t\t\tid=\"slider-9-slide-45-layer-8\" \n\t\t\t\t\t\t\t\tdata-type=\"image\"\n\t\t\t\t\t\t\t\tdata-rsp_ch=\"on\"\n\t\t\t\t\t\t\t\tdata-xy=\"x:302px;y:-99px;\"\n\t\t\t\t\t\t\t\tdata-text=\"w:normal;\"\n\t\t\t\t\t\t\t\tdata-dim=\"w:500px;h:333px;\"\n\t\t\t\t\t\t\t\tdata-frame_999=\"o:0;st:w;\"\n\t\t\t\t\t\t\t\tstyle=\"z-index:9;\"\n\t\t\t\t\t\t\t><img loading=\"lazy\" decoding=\"async\" src=\"\/\/www.claudioamorese.it\/wp-content\/plugins\/revslider\/public\/assets\/assets\/dummy.png\" class=\"tp-rs-img rs-lazyload\" width=\"2560\" height=\"1707\" data-lazyload=\"\/\/www.claudioamorese.it\/wp-content\/uploads\/2021\/08\/DSC_0237-scaled.jpg\" data-no-retina> \n\t\t\t\t\t\t\t<\/rs-layer><!--\n-->\t\t\t\t\t\t<\/rs-slide>\n\t\t\t\t\t\t<rs-slide style=\"position: absolute;\" data-key=\"rs-46\" data-title=\"Slide\" data-duration=\"1500ms\" data-anim=\"ms:300;\" data-in=\"o:0;\" data-out=\"a:false;\">\n\t\t\t\t\t\t\t<img decoding=\"async\" src=\"\/\/www.claudioamorese.it\/wp-content\/plugins\/revslider\/public\/assets\/assets\/dummy.png\" alt=\"Slide\" title=\"Aeolian Sailing &#8211; Il Prologo\" class=\"rev-slidebg tp-rs-img rs-lazyload\" data-lazyload=\"\/\/www.claudioamorese.it\/wp-content\/plugins\/revslider\/public\/assets\/assets\/transparent.png\" data-no-retina>\n<!--\n\t\t\t\t\t\t\t--><rs-layer\n\t\t\t\t\t\t\t\tid=\"slider-9-slide-46-layer-4\" \n\t\t\t\t\t\t\t\tdata-type=\"image\"\n\t\t\t\t\t\t\t\tdata-rsp_ch=\"on\"\n\t\t\t\t\t\t\t\tdata-xy=\"x:302px;y:-68px;\"\n\t\t\t\t\t\t\t\tdata-text=\"w:normal;\"\n\t\t\t\t\t\t\t\tdata-dim=\"w:500px;h:375px;\"\n\t\t\t\t\t\t\t\tdata-frame_1=\"sp:90;\"\n\t\t\t\t\t\t\t\tdata-frame_999=\"o:0;st:w;sp:90;\"\n\t\t\t\t\t\t\t\tstyle=\"z-index:5;\"\n\t\t\t\t\t\t\t><img loading=\"lazy\" decoding=\"async\" src=\"\/\/www.claudioamorese.it\/wp-content\/plugins\/revslider\/public\/assets\/assets\/dummy.png\" class=\"tp-rs-img rs-lazyload\" width=\"2560\" height=\"1920\" data-lazyload=\"\/\/www.claudioamorese.it\/wp-content\/uploads\/2021\/08\/IMG_4361-scaled.jpg\" data-no-retina> \n\t\t\t\t\t\t\t<\/rs-layer><!--\n-->\t\t\t\t\t\t<\/rs-slide>\n\t\t\t\t\t\t<rs-slide style=\"position: absolute;\" data-key=\"rs-48\" data-title=\"Slide\" data-duration=\"1500ms\" data-anim=\"ms:300;\" data-in=\"o:0;\" data-out=\"a:false;\">\n\t\t\t\t\t\t\t<img decoding=\"async\" src=\"\/\/www.claudioamorese.it\/wp-content\/plugins\/revslider\/public\/assets\/assets\/dummy.png\" alt=\"Slide\" title=\"Aeolian Sailing &#8211; Il Prologo\" class=\"rev-slidebg tp-rs-img rs-lazyload\" data-lazyload=\"\/\/www.claudioamorese.it\/wp-content\/plugins\/revslider\/public\/assets\/assets\/transparent.png\" data-no-retina>\n<!--\n\t\t\t\t\t\t\t--><rs-layer\n\t\t\t\t\t\t\t\tid=\"slider-9-slide-48-layer-4\" \n\t\t\t\t\t\t\t\tdata-type=\"image\"\n\t\t\t\t\t\t\t\tdata-rsp_ch=\"on\"\n\t\t\t\t\t\t\t\tdata-xy=\"x:305px;y:-38px;\"\n\t\t\t\t\t\t\t\tdata-text=\"w:normal;\"\n\t\t\t\t\t\t\t\tdata-dim=\"w:500px;h:375px;\"\n\t\t\t\t\t\t\t\tdata-frame_1=\"sp:90;\"\n\t\t\t\t\t\t\t\tdata-frame_999=\"o:0;st:w;sp:90;\"\n\t\t\t\t\t\t\t\tstyle=\"z-index:5;\"\n\t\t\t\t\t\t\t><img loading=\"lazy\" decoding=\"async\" src=\"\/\/www.claudioamorese.it\/wp-content\/plugins\/revslider\/public\/assets\/assets\/dummy.png\" class=\"tp-rs-img rs-lazyload\" width=\"2560\" height=\"1920\" data-lazyload=\"\/\/www.claudioamorese.it\/wp-content\/uploads\/2021\/08\/IMG_4410-scaled.jpg\" data-no-retina> \n\t\t\t\t\t\t\t<\/rs-layer><!--\n-->\t\t\t\t\t\t<\/rs-slide>\n\t\t\t\t\t\t<rs-slide style=\"position: absolute;\" data-key=\"rs-47\" data-title=\"Slide\" data-duration=\"1500ms\" data-anim=\"ms:300;\" data-in=\"o:0;\" data-out=\"a:false;\">\n\t\t\t\t\t\t\t<img decoding=\"async\" src=\"\/\/www.claudioamorese.it\/wp-content\/plugins\/revslider\/public\/assets\/assets\/dummy.png\" alt=\"Slide\" title=\"Aeolian Sailing &#8211; Il Prologo\" class=\"rev-slidebg tp-rs-img rs-lazyload\" data-lazyload=\"\/\/www.claudioamorese.it\/wp-content\/plugins\/revslider\/public\/assets\/assets\/transparent.png\" data-no-retina>\n<!--\n\t\t\t\t\t\t\t--><rs-layer\n\t\t\t\t\t\t\t\tid=\"slider-9-slide-47-layer-4\" \n\t\t\t\t\t\t\t\tdata-type=\"image\"\n\t\t\t\t\t\t\t\tdata-rsp_ch=\"on\"\n\t\t\t\t\t\t\t\tdata-xy=\"x:301px;y:-65px;\"\n\t\t\t\t\t\t\t\tdata-text=\"w:normal;\"\n\t\t\t\t\t\t\t\tdata-dim=\"w:500px;h:375px;\"\n\t\t\t\t\t\t\t\tdata-frame_1=\"sp:90;\"\n\t\t\t\t\t\t\t\tdata-frame_999=\"o:0;st:w;sp:90;\"\n\t\t\t\t\t\t\t\tstyle=\"z-index:5;\"\n\t\t\t\t\t\t\t><img loading=\"lazy\" decoding=\"async\" src=\"\/\/www.claudioamorese.it\/wp-content\/plugins\/revslider\/public\/assets\/assets\/dummy.png\" class=\"tp-rs-img rs-lazyload\" width=\"2560\" height=\"1920\" data-lazyload=\"\/\/www.claudioamorese.it\/wp-content\/uploads\/2021\/08\/IMG_4619-scaled.jpg\" data-no-retina> \n\t\t\t\t\t\t\t<\/rs-layer><!--\n-->\t\t\t\t\t\t<\/rs-slide>\n\t\t\t\t\t\t<rs-slide style=\"position: absolute;\" data-key=\"rs-49\" data-title=\"Slide\" data-duration=\"1500ms\" data-anim=\"ms:400;\" data-in=\"o:0;\" data-out=\"a:false;\">\n\t\t\t\t\t\t\t<img decoding=\"async\" src=\"\/\/www.claudioamorese.it\/wp-content\/plugins\/revslider\/public\/assets\/assets\/dummy.png\" alt=\"Slide\" title=\"Aeolian Sailing &#8211; Il Prologo\" class=\"rev-slidebg tp-rs-img rs-lazyload\" data-lazyload=\"\/\/www.claudioamorese.it\/wp-content\/plugins\/revslider\/public\/assets\/assets\/transparent.png\" data-no-retina>\n<!--\n\t\t\t\t\t\t\t--><rs-layer\n\t\t\t\t\t\t\t\tid=\"slider-9-slide-49-layer-2\" \n\t\t\t\t\t\t\t\tdata-type=\"image\"\n\t\t\t\t\t\t\t\tdata-rsp_ch=\"on\"\n\t\t\t\t\t\t\t\tdata-xy=\"x:301px;y:-22px;\"\n\t\t\t\t\t\t\t\tdata-text=\"w:normal;\"\n\t\t\t\t\t\t\t\tdata-dim=\"w:500px;h:375px;\"\n\t\t\t\t\t\t\t\tdata-frame_999=\"o:0;st:w;\"\n\t\t\t\t\t\t\t\tstyle=\"z-index:10;\"\n\t\t\t\t\t\t\t><img loading=\"lazy\" decoding=\"async\" src=\"\/\/www.claudioamorese.it\/wp-content\/plugins\/revslider\/public\/assets\/assets\/dummy.png\" class=\"tp-rs-img rs-lazyload\" width=\"2560\" height=\"1920\" data-lazyload=\"\/\/www.claudioamorese.it\/wp-content\/uploads\/2021\/08\/IMG_3357-scaled.jpg\" data-no-retina> \n\t\t\t\t\t\t\t<\/rs-layer><!--\n-->\t\t\t\t\t\t<\/rs-slide>\n\t\t\t\t\t\t<rs-slide style=\"position: absolute;\" data-key=\"rs-50\" data-title=\"Slide\" data-duration=\"1500ms\" data-anim=\"ms:300;\" data-in=\"o:0;\" data-out=\"a:false;\">\n\t\t\t\t\t\t\t<img decoding=\"async\" src=\"\/\/www.claudioamorese.it\/wp-content\/plugins\/revslider\/public\/assets\/assets\/dummy.png\" alt=\"Slide\" title=\"Aeolian Sailing &#8211; Il Prologo\" class=\"rev-slidebg tp-rs-img rs-lazyload\" data-lazyload=\"\/\/www.claudioamorese.it\/wp-content\/plugins\/revslider\/public\/assets\/assets\/transparent.png\" data-no-retina>\n<!--\n\t\t\t\t\t\t\t--><rs-layer\n\t\t\t\t\t\t\t\tid=\"slider-9-slide-50-layer-6\" \n\t\t\t\t\t\t\t\tdata-type=\"image\"\n\t\t\t\t\t\t\t\tdata-rsp_ch=\"on\"\n\t\t\t\t\t\t\t\tdata-xy=\"x:301px;y:-92px;\"\n\t\t\t\t\t\t\t\tdata-text=\"w:normal;\"\n\t\t\t\t\t\t\t\tdata-dim=\"w:500px;h:333px;\"\n\t\t\t\t\t\t\t\tdata-frame_999=\"o:0;st:w;\"\n\t\t\t\t\t\t\t\tstyle=\"z-index:6;\"\n\t\t\t\t\t\t\t><img loading=\"lazy\" decoding=\"async\" src=\"\/\/www.claudioamorese.it\/wp-content\/plugins\/revslider\/public\/assets\/assets\/dummy.png\" class=\"tp-rs-img rs-lazyload\" width=\"2560\" height=\"1707\" data-lazyload=\"\/\/www.claudioamorese.it\/wp-content\/uploads\/2021\/08\/DSC_0195-scaled.jpg\" data-no-retina> \n\t\t\t\t\t\t\t<\/rs-layer><!--\n-->\t\t\t\t\t\t<\/rs-slide>\n\t\t\t\t\t\t<rs-slide style=\"position: absolute;\" data-key=\"rs-51\" data-title=\"Slide\" data-duration=\"1500ms\" data-anim=\"ms:300;\" data-in=\"o:0;\" data-out=\"a:false;\">\n\t\t\t\t\t\t\t<img decoding=\"async\" src=\"\/\/www.claudioamorese.it\/wp-content\/plugins\/revslider\/public\/assets\/assets\/dummy.png\" alt=\"Slide\" title=\"Aeolian Sailing &#8211; Il Prologo\" class=\"rev-slidebg tp-rs-img rs-lazyload\" data-lazyload=\"\/\/www.claudioamorese.it\/wp-content\/plugins\/revslider\/public\/assets\/assets\/transparent.png\" data-no-retina>\n<!--\n\t\t\t\t\t\t\t--><rs-layer\n\t\t\t\t\t\t\t\tid=\"slider-9-slide-51-layer-6\" \n\t\t\t\t\t\t\t\tdata-type=\"image\"\n\t\t\t\t\t\t\t\tdata-rsp_ch=\"on\"\n\t\t\t\t\t\t\t\tdata-xy=\"x:300px;y:-116px;\"\n\t\t\t\t\t\t\t\tdata-text=\"w:normal;\"\n\t\t\t\t\t\t\t\tdata-dim=\"w:500px;h:375px;\"\n\t\t\t\t\t\t\t\tdata-frame_999=\"o:0;st:w;\"\n\t\t\t\t\t\t\t\tstyle=\"z-index:6;\"\n\t\t\t\t\t\t\t><img loading=\"lazy\" decoding=\"async\" src=\"\/\/www.claudioamorese.it\/wp-content\/plugins\/revslider\/public\/assets\/assets\/dummy.png\" class=\"tp-rs-img rs-lazyload\" width=\"2560\" height=\"1920\" data-lazyload=\"\/\/www.claudioamorese.it\/wp-content\/uploads\/2021\/08\/IMG_4536-1-scaled.jpg\" data-no-retina> \n\t\t\t\t\t\t\t<\/rs-layer><!--\n-->\t\t\t\t\t\t<\/rs-slide>\n\t\t\t\t\t\t<rs-slide style=\"position: absolute;\" data-key=\"rs-89\" data-title=\"Slide\" data-in=\"o:0;\" data-out=\"a:false;\">\n\t\t\t\t\t\t\t<img decoding=\"async\" src=\"\/\/www.claudioamorese.it\/wp-content\/plugins\/revslider\/public\/assets\/assets\/dummy.png\" alt=\"Slide\" title=\"Aeolian Sailing &#8211; Il Prologo\" class=\"rev-slidebg tp-rs-img rs-lazyload\" data-lazyload=\"\/\/www.claudioamorese.it\/wp-content\/plugins\/revslider\/public\/assets\/assets\/transparent.png\" data-no-retina>\n<!---->\t\t\t\t\t\t<\/rs-slide>\n\t\t\t\t\t<\/rs-slides>\n\t\t\t\t<\/rs-module>\n\t\t\t\t<script type=\"text\/javascript\">\n\t\t\t\t\tsetREVStartSize({c: 'rev_slider_9_1',rl:[1240,1024,778,480],el:[200],gw:[1240],gh:[200],type:'standard',justify:'',layout:'fullwidth',mh:\"0\"});if (window.RS_MODULES!==undefined && window.RS_MODULES.modules!==undefined && window.RS_MODULES.modules[\"revslider91\"]!==undefined) {window.RS_MODULES.modules[\"revslider91\"].once = false;window.revapi9 = undefined;window.RS_MODULES.checkMinimal()}\n\t\t\t\t<\/script>\n\t\t\t<\/rs-module-wrap>\n\t\t\t<!-- END REVOLUTION SLIDER -->\n[fusion_text columns=&#8221;&#8221; column_min_width=&#8221;&#8221; column_spacing=&#8221;&#8221; rule_style=&#8221;default&#8221; rule_size=&#8221;&#8221; rule_color=&#8221;&#8221; hide_on_mobile=&#8221;small-visibility,medium-visibility,large-visibility&#8221; class=&#8221;&#8221; id=&#8221;&#8221;]<\/p>\n<p>Le Eolie in barca a vela la settimana di ferragosto non \u00e8 proprio la scelta ottimale. Porti e campi boe con scarsa capacit\u00e0 ricettiva si accoppiano a rade sovraffollate di imbarcazioni con skipper (?) di dubbia esperienza. Ma i piccoli disagi sono abbondantemente ripagati da panorami spettacolari e acque cristalline.<\/p>\n<p>La nostra settimana \u00e8 partita da Termini Imerese, dove siamo riusciti a trovare, quasi all&#8217;ultimo minuto un vecchio Bavaria 46 che, purtroppo, mostrava tutti gli anni di charteraggio sulle sue spalle.<\/p>\n<p><strong>Il prologo: Termini Imerese &#8211; Lipari Valle Muria<\/strong><\/p>\n<p>[\/fusion_text][fusion_imageframe image_id=&#8221;2401|medium&#8221; max_width=&#8221;&#8221; style_type=&#8221;&#8221; blur=&#8221;&#8221; stylecolor=&#8221;&#8221; hover_type=&#8221;none&#8221; bordersize=&#8221;&#8221; bordercolor=&#8221;&#8221; borderradius=&#8221;&#8221; align=&#8221;center&#8221; lightbox=&#8221;no&#8221; gallery_id=&#8221;&#8221; lightbox_image=&#8221;&#8221; lightbox_image_id=&#8221;&#8221; alt=&#8221;&#8221; link=&#8221;&#8221; linktarget=&#8221;_self&#8221; hide_on_mobile=&#8221;small-visibility,medium-visibility,large-visibility&#8221; class=&#8221;&#8221; id=&#8221;&#8221; animation_type=&#8221;&#8221; animation_direction=&#8221;left&#8221; animation_speed=&#8221;0.3&#8243; animation_offset=&#8221;&#8221;]https:\/\/www.claudioamorese.it\/wp-content\/uploads\/2021\/08\/2021-08-26-2-e1629984138639-300&#215;108.png[\/fusion_imageframe][fusion_text columns=&#8221;&#8221; column_min_width=&#8221;&#8221; column_spacing=&#8221;&#8221; rule_style=&#8221;default&#8221; rule_size=&#8221;&#8221; rule_color=&#8221;&#8221; hide_on_mobile=&#8221;small-visibility,medium-visibility,large-visibility&#8221; class=&#8221;&#8221; id=&#8221;&#8221;]<\/p>\n<p>64 miglia con partenza intorno alle 18:00. Mare piatto, assenza di vento. Il vecchio Bavaria con il motore a 1500rpm e carena pulita, fa tranquillamente 6 &#8211; 6.5kts. Cefal\u00f9, il suo faro e la Luna ci regalano un quadro di rara bellezza.<\/p>\n<p>[\/fusion_text][fusion_imageframe image_id=&#8221;2398|medium&#8221; max_width=&#8221;&#8221; style_type=&#8221;&#8221; blur=&#8221;&#8221; stylecolor=&#8221;&#8221; hover_type=&#8221;none&#8221; bordersize=&#8221;&#8221; bordercolor=&#8221;&#8221; borderradius=&#8221;&#8221; align=&#8221;center&#8221; lightbox=&#8221;no&#8221; gallery_id=&#8221;&#8221; lightbox_image=&#8221;&#8221; lightbox_image_id=&#8221;&#8221; alt=&#8221;&#8221; link=&#8221;&#8221; linktarget=&#8221;_self&#8221; hide_on_mobile=&#8221;small-visibility,medium-visibility,large-visibility&#8221; class=&#8221;&#8221; id=&#8221;&#8221; animation_type=&#8221;&#8221; animation_direction=&#8221;left&#8221; animation_speed=&#8221;0.3&#8243; animation_offset=&#8221;&#8221;]https:\/\/www.claudioamorese.it\/wp-content\/uploads\/2021\/08\/IMG_4354-300&#215;225.jpg[\/fusion_imageframe][fusion_text columns=&#8221;&#8221; column_min_width=&#8221;&#8221; column_spacing=&#8221;&#8221; rule_style=&#8221;default&#8221; rule_size=&#8221;&#8221; rule_color=&#8221;&#8221; hide_on_mobile=&#8221;small-visibility,medium-visibility,large-visibility&#8221; class=&#8221;&#8221; id=&#8221;&#8221;]<\/p>\n<p>Arriviamo a Valle Muria alle 4.30, prima di quanto previsto, ancora al buio. Valle Muria non \u00e8 una rada particolarmente affollata per la notte perch\u00e8 esposta ai venti predominanti in quella zona per cui l&#8217;ancoraggio sulla batimetrica dei 6 metri \u00e8 abbastanza agevole. Dopo i turni della navigazione notturna ci meritiamo un po&#8217; di relax e aspettiamo l&#8217;alba. L&#8217;attesa \u00e8 ripagata dallo spettacolare paesaggio che la luce svela ai nostri occhi.<\/p>\n<p>[\/fusion_text][fusion_imageframe image_id=&#8221;2381|medium&#8221; max_width=&#8221;&#8221; style_type=&#8221;&#8221; blur=&#8221;&#8221; stylecolor=&#8221;&#8221; hover_type=&#8221;none&#8221; bordersize=&#8221;&#8221; bordercolor=&#8221;&#8221; borderradius=&#8221;&#8221; align=&#8221;center&#8221; lightbox=&#8221;no&#8221; gallery_id=&#8221;&#8221; lightbox_image=&#8221;&#8221; lightbox_image_id=&#8221;&#8221; alt=&#8221;&#8221; link=&#8221;&#8221; linktarget=&#8221;_self&#8221; hide_on_mobile=&#8221;small-visibility,medium-visibility,large-visibility&#8221; class=&#8221;&#8221; id=&#8221;&#8221; animation_type=&#8221;&#8221; animation_direction=&#8221;left&#8221; animation_speed=&#8221;0.3&#8243; animation_offset=&#8221;&#8221;]https:\/\/www.claudioamorese.it\/wp-content\/uploads\/2021\/08\/IMG_4357-300&#215;225.jpg[\/fusion_imageframe][fusion_text columns=&#8221;&#8221; column_min_width=&#8221;&#8221; column_spacing=&#8221;&#8221; rule_style=&#8221;default&#8221; rule_size=&#8221;&#8221; rule_color=&#8221;&#8221; hide_on_mobile=&#8221;small-visibility,medium-visibility,large-visibility&#8221; class=&#8221;&#8221; id=&#8221;&#8221;]<\/p>\n<p><a href=\"https:\/\/www.claudioamorese.it\/aeolian-sailing-lipari-1a-tappa\/\">Vai alla prima tappa<\/a> &#8211; <a href=\"https:\/\/www.claudioamorese.it\/aeolian-sailing-salina-2a-tappa\/\">Vai alla seconda tappa<\/a> &#8211;\u00a0<a href=\"https:\/\/www.claudioamorese.it\/aeolian-sailing-panarea-3a-tappa\/\">Vai alla terza tappa<\/a> &#8211;\u00a0<a href=\"https:\/\/www.claudioamorese.it\/aeolian-sailing-vulcano-4a-tappa\/\">Vai alla quarta tappa<\/a> &#8211;\u00a0<a href=\"https:\/\/www.claudioamorese.it\/aeolian-sailing-stromboli-5a-tappa\/\">Vai alla quinta tappa<\/a> &#8211;\u00a0<a href=\"https:\/\/www.claudioamorese.it\/aeolian-sailing-filicudi-6a-tappa\/\">Vai alla sesta tappa<\/a> &#8211;\u00a0<a href=\"https:\/\/www.claudioamorese.it\/aeolian-sailing-il-ritorno\/\">Vai al ritorno<\/a><\/p>\n<p>[\/fusion_text][\/fusion_builder_column][\/fusion_builder_row][\/fusion_builder_container]<\/p>\n","protected":false},"excerpt":{"rendered":"<p>[fusion_builder_container hundred_percent=&#8221;no&#8221; hundred_percent_height=&#8221;no&#8221; hundred_percent_height_scroll=&#8221;no&#8221; hundred_percent_height_center_content=&#8221;yes&#8221; equal_height_columns=&#8221;no&#8221; menu_anchor=&#8221;&#8221; hide_on_mobile=&#8221;small-visibility,medium-visibility,large-visibility&#8221; status=&#8221;published&#8221; publish_date=&#8221;&#8221; class=&#8221;&#8221; id=&#8221;&#8221; background_color=&#8221;&#8221; background_image=&#8221;&#8221; background_position=&#8221;center center&#8221; background_repeat=&#8221;no-repeat&#8221; fade=&#8221;no&#8221; background_parallax=&#8221;none&#8221; enable_mobile=&#8221;no&#8221; parallax_speed=&#8221;0.3&#8243; video_mp4=&#8221;&#8221; video_webm=&#8221;&#8221; video_ogv=&#8221;&#8221; video_url=&#8221;&#8221; video_aspect_ratio=&#8221;16:9&#8243; video_loop=&#8221;yes&#8221; video_mute=&#8221;yes&#8221; video_preview_image=&#8221;&#8221; border_size=&#8221;&#8221; border_color=&#8221;&#8221; border_style=&#8221;solid&#8221; margin_top=&#8221;&#8221; margin_bottom=&#8221;&#8221; padding_top=&#8221;&#8221; padding_right=&#8221;&#8221; padding_bottom=&#8221;&#8221; padding_left=&#8221;&#8221;][fusion_builder_row][fusion_builder_column type=&#8221;1_3&#8243; layout=&#8221;1_3&#8243; spacing=&#8221;&#8221; center_content=&#8221;no&#8221; link=&#8221;&#8221; target=&#8221;_self&#8221; min_height=&#8221;&#8221; hide_on_mobile=&#8221;small-visibility,medium-visibility,large-visibility&#8221; class=&#8221;&#8221; id=&#8221;&#8221; background_color=&#8221;&#8221; background_image=&#8221;&#8221; background_image_id=&#8221;&#8221; background_position=&#8221;left top&#8221; background_repeat=&#8221;no-repeat&#8221; hover_type=&#8221;none&#8221; [&hellip;]<\/p>\n","protected":false},"author":1,"featured_media":0,"comment_status":"open","ping_status":"open","sticky":false,"template":"","format":"standard","meta":{"content-type":"","footnotes":""},"categories":[28],"tags":[94,95,93,92],"class_list":["post-2410","post","type-post","status-publish","format-standard","hentry","category-travels","tag-adventure","tag-avventura","tag-travels","tag-viaggi"],"yoast_head":"<!-- This site is optimized with the Yoast SEO plugin v28.4 - https:\/\/yoast.com\/product\/yoast-seo-wordpress\/ -->\n<title>Aeolian Sailing - Il Prologo - Claudio Amorese<\/title>\n<meta name=\"description\" content=\"Prologo. Da Termini Imerese a Lipari.\" \/>\n<meta name=\"robots\" content=\"index, follow, max-snippet:-1, max-image-preview:large, max-video-preview:-1\" \/>\n<link rel=\"canonical\" href=\"https:\/\/www.claudioamorese.it\/en\/aeolian-sailing-il-prologo\/\" \/>\n<meta property=\"og:locale\" content=\"en_GB\" \/>\n<meta property=\"og:type\" content=\"article\" \/>\n<meta property=\"og:title\" content=\"Aeolian Sailing. Il prologo: da Termini Imerese a Lipari\" \/>\n<meta property=\"og:description\" content=\"Una settimana alle Eolie. Il prologo: da Termini Imerese a Lipari.\" \/>\n<meta property=\"og:url\" content=\"https:\/\/www.claudioamorese.it\/en\/aeolian-sailing-il-prologo\/\" \/>\n<meta property=\"og:site_name\" content=\"Claudio Amorese\" \/>\n<meta property=\"article:published_time\" content=\"2021-08-27T12:08:31+00:00\" \/>\n<meta property=\"article:modified_time\" content=\"2021-09-14T16:43:24+00:00\" \/>\n<meta property=\"og:image\" content=\"https:\/\/www.claudioamorese.it\/wp-content\/uploads\/2021\/08\/IMG_4354-scaled.jpg\" \/>\n\t<meta property=\"og:image:width\" content=\"2560\" \/>\n\t<meta property=\"og:image:height\" content=\"1920\" \/>\n\t<meta property=\"og:image:type\" content=\"image\/jpeg\" \/>\n<meta name=\"author\" content=\"Claudio Amorese\" \/>\n<meta name=\"twitter:card\" content=\"summary_large_image\" \/>\n<meta name=\"twitter:title\" content=\"Aeolian sailing\" \/>\n<meta name=\"twitter:description\" content=\"Una settimana alle Eolie. Il prologo. Da Termini Imerese a Lipari\" \/>\n<meta name=\"twitter:image\" content=\"https:\/\/www.claudioamorese.it\/wp-content\/uploads\/2021\/08\/IMG_4354-scaled.jpg\" \/>\n<meta name=\"twitter:label1\" content=\"Written by\" \/>\n\t<meta name=\"twitter:data1\" content=\"Claudio Amorese\" \/>\n\t<meta name=\"twitter:label2\" content=\"Estimated reading time\" \/>\n\t<meta name=\"twitter:data2\" content=\"2 minutes\" \/>\n<script type=\"application\/ld+json\" class=\"yoast-schema-graph\">{\"@context\":\"https:\\\/\\\/schema.org\",\"@graph\":[{\"@type\":\"Article\",\"@id\":\"https:\\\/\\\/www.claudioamorese.it\\\/aeolian-sailing-il-prologo\\\/#article\",\"isPartOf\":{\"@id\":\"https:\\\/\\\/www.claudioamorese.it\\\/aeolian-sailing-il-prologo\\\/\"},\"author\":{\"name\":\"Claudio Amorese\",\"@id\":\"https:\\\/\\\/www.claudioamorese.it\\\/#\\\/schema\\\/person\\\/ed322e7a6de1cb5c4a26dde9a8afb2f1\"},\"headline\":\"Aeolian Sailing &#8211; Il Prologo\",\"datePublished\":\"2021-08-27T12:08:31+00:00\",\"dateModified\":\"2021-09-14T16:43:24+00:00\",\"mainEntityOfPage\":{\"@id\":\"https:\\\/\\\/www.claudioamorese.it\\\/aeolian-sailing-il-prologo\\\/\"},\"wordCount\":883,\"commentCount\":0,\"publisher\":{\"@id\":\"https:\\\/\\\/www.claudioamorese.it\\\/#\\\/schema\\\/person\\\/ed322e7a6de1cb5c4a26dde9a8afb2f1\"},\"keywords\":[\"adventure\",\"avventura\",\"travels\",\"Viaggi\"],\"articleSection\":[\"Travels\"],\"inLanguage\":\"en-GB\",\"potentialAction\":[{\"@type\":\"CommentAction\",\"name\":\"Comment\",\"target\":[\"https:\\\/\\\/www.claudioamorese.it\\\/aeolian-sailing-il-prologo\\\/#respond\"]}]},{\"@type\":\"WebPage\",\"@id\":\"https:\\\/\\\/www.claudioamorese.it\\\/aeolian-sailing-il-prologo\\\/\",\"url\":\"https:\\\/\\\/www.claudioamorese.it\\\/aeolian-sailing-il-prologo\\\/\",\"name\":\"Aeolian Sailing - Il Prologo - Claudio Amorese\",\"isPartOf\":{\"@id\":\"https:\\\/\\\/www.claudioamorese.it\\\/#website\"},\"datePublished\":\"2021-08-27T12:08:31+00:00\",\"dateModified\":\"2021-09-14T16:43:24+00:00\",\"description\":\"Prologo. Da Termini Imerese a Lipari.\",\"breadcrumb\":{\"@id\":\"https:\\\/\\\/www.claudioamorese.it\\\/aeolian-sailing-il-prologo\\\/#breadcrumb\"},\"inLanguage\":\"en-GB\",\"potentialAction\":[{\"@type\":\"ReadAction\",\"target\":[\"https:\\\/\\\/www.claudioamorese.it\\\/aeolian-sailing-il-prologo\\\/\"]}]},{\"@type\":\"BreadcrumbList\",\"@id\":\"https:\\\/\\\/www.claudioamorese.it\\\/aeolian-sailing-il-prologo\\\/#breadcrumb\",\"itemListElement\":[{\"@type\":\"ListItem\",\"position\":1,\"name\":\"Home\",\"item\":\"https:\\\/\\\/www.claudioamorese.it\\\/\"},{\"@type\":\"ListItem\",\"position\":2,\"name\":\"Aeolian Sailing &#8211; Il Prologo\"}]},{\"@type\":\"WebSite\",\"@id\":\"https:\\\/\\\/www.claudioamorese.it\\\/#website\",\"url\":\"https:\\\/\\\/www.claudioamorese.it\\\/\",\"name\":\"Claudio Amorese\",\"description\":\"\",\"publisher\":{\"@id\":\"https:\\\/\\\/www.claudioamorese.it\\\/#\\\/schema\\\/person\\\/ed322e7a6de1cb5c4a26dde9a8afb2f1\"},\"potentialAction\":[{\"@type\":\"SearchAction\",\"target\":{\"@type\":\"EntryPoint\",\"urlTemplate\":\"https:\\\/\\\/www.claudioamorese.it\\\/?s={search_term_string}\"},\"query-input\":{\"@type\":\"PropertyValueSpecification\",\"valueRequired\":true,\"valueName\":\"search_term_string\"}}],\"inLanguage\":\"en-GB\"},{\"@type\":[\"Person\",\"Organization\"],\"@id\":\"https:\\\/\\\/www.claudioamorese.it\\\/#\\\/schema\\\/person\\\/ed322e7a6de1cb5c4a26dde9a8afb2f1\",\"name\":\"Claudio Amorese\",\"image\":{\"@type\":\"ImageObject\",\"inLanguage\":\"en-GB\",\"@id\":\"https:\\\/\\\/www.claudioamorese.it\\\/wp-content\\\/uploads\\\/2021\\\/08\\\/IMG_1541-1-2.jpg\",\"url\":\"https:\\\/\\\/www.claudioamorese.it\\\/wp-content\\\/uploads\\\/2021\\\/08\\\/IMG_1541-1-2.jpg\",\"contentUrl\":\"https:\\\/\\\/www.claudioamorese.it\\\/wp-content\\\/uploads\\\/2021\\\/08\\\/IMG_1541-1-2.jpg\",\"width\":467,\"height\":700,\"caption\":\"Claudio Amorese\"},\"logo\":{\"@id\":\"https:\\\/\\\/www.claudioamorese.it\\\/wp-content\\\/uploads\\\/2021\\\/08\\\/IMG_1541-1-2.jpg\"}}]}<\/script>\n<!-- \/ Yoast SEO plugin. -->","yoast_head_json":{"title":"Aeolian Sailing - Il Prologo - Claudio Amorese","description":"Prologo. Da Termini Imerese a Lipari.","robots":{"index":"index","follow":"follow","max-snippet":"max-snippet:-1","max-image-preview":"max-image-preview:large","max-video-preview":"max-video-preview:-1"},"canonical":"https:\/\/www.claudioamorese.it\/en\/aeolian-sailing-il-prologo\/","og_locale":"en_GB","og_type":"article","og_title":"Aeolian Sailing. Il prologo: da Termini Imerese a Lipari","og_description":"Una settimana alle Eolie. Il prologo: da Termini Imerese a Lipari.","og_url":"https:\/\/www.claudioamorese.it\/en\/aeolian-sailing-il-prologo\/","og_site_name":"Claudio Amorese","article_published_time":"2021-08-27T12:08:31+00:00","article_modified_time":"2021-09-14T16:43:24+00:00","og_image":[{"width":2560,"height":1920,"url":"https:\/\/www.claudioamorese.it\/wp-content\/uploads\/2021\/08\/IMG_4354-scaled.jpg","type":"image\/jpeg"}],"author":"Claudio Amorese","twitter_card":"summary_large_image","twitter_title":"Aeolian sailing","twitter_description":"Una settimana alle Eolie. Il prologo. Da Termini Imerese a Lipari","twitter_image":"https:\/\/www.claudioamorese.it\/wp-content\/uploads\/2021\/08\/IMG_4354-scaled.jpg","twitter_misc":{"Written by":"Claudio Amorese","Estimated reading time":"2 minutes"},"schema":{"@context":"https:\/\/schema.org","@graph":[{"@type":"Article","@id":"https:\/\/www.claudioamorese.it\/aeolian-sailing-il-prologo\/#article","isPartOf":{"@id":"https:\/\/www.claudioamorese.it\/aeolian-sailing-il-prologo\/"},"author":{"name":"Claudio Amorese","@id":"https:\/\/www.claudioamorese.it\/#\/schema\/person\/ed322e7a6de1cb5c4a26dde9a8afb2f1"},"headline":"Aeolian Sailing &#8211; Il Prologo","datePublished":"2021-08-27T12:08:31+00:00","dateModified":"2021-09-14T16:43:24+00:00","mainEntityOfPage":{"@id":"https:\/\/www.claudioamorese.it\/aeolian-sailing-il-prologo\/"},"wordCount":883,"commentCount":0,"publisher":{"@id":"https:\/\/www.claudioamorese.it\/#\/schema\/person\/ed322e7a6de1cb5c4a26dde9a8afb2f1"},"keywords":["adventure","avventura","travels","Viaggi"],"articleSection":["Travels"],"inLanguage":"en-GB","potentialAction":[{"@type":"CommentAction","name":"Comment","target":["https:\/\/www.claudioamorese.it\/aeolian-sailing-il-prologo\/#respond"]}]},{"@type":"WebPage","@id":"https:\/\/www.claudioamorese.it\/aeolian-sailing-il-prologo\/","url":"https:\/\/www.claudioamorese.it\/aeolian-sailing-il-prologo\/","name":"Aeolian Sailing - Il Prologo - Claudio Amorese","isPartOf":{"@id":"https:\/\/www.claudioamorese.it\/#website"},"datePublished":"2021-08-27T12:08:31+00:00","dateModified":"2021-09-14T16:43:24+00:00","description":"Prologo. Da Termini Imerese a Lipari.","breadcrumb":{"@id":"https:\/\/www.claudioamorese.it\/aeolian-sailing-il-prologo\/#breadcrumb"},"inLanguage":"en-GB","potentialAction":[{"@type":"ReadAction","target":["https:\/\/www.claudioamorese.it\/aeolian-sailing-il-prologo\/"]}]},{"@type":"BreadcrumbList","@id":"https:\/\/www.claudioamorese.it\/aeolian-sailing-il-prologo\/#breadcrumb","itemListElement":[{"@type":"ListItem","position":1,"name":"Home","item":"https:\/\/www.claudioamorese.it\/"},{"@type":"ListItem","position":2,"name":"Aeolian Sailing &#8211; Il Prologo"}]},{"@type":"WebSite","@id":"https:\/\/www.claudioamorese.it\/#website","url":"https:\/\/www.claudioamorese.it\/","name":"Claudio Amorese","description":"","publisher":{"@id":"https:\/\/www.claudioamorese.it\/#\/schema\/person\/ed322e7a6de1cb5c4a26dde9a8afb2f1"},"potentialAction":[{"@type":"SearchAction","target":{"@type":"EntryPoint","urlTemplate":"https:\/\/www.claudioamorese.it\/?s={search_term_string}"},"query-input":{"@type":"PropertyValueSpecification","valueRequired":true,"valueName":"search_term_string"}}],"inLanguage":"en-GB"},{"@type":["Person","Organization"],"@id":"https:\/\/www.claudioamorese.it\/#\/schema\/person\/ed322e7a6de1cb5c4a26dde9a8afb2f1","name":"Claudio Amorese","image":{"@type":"ImageObject","inLanguage":"en-GB","@id":"https:\/\/www.claudioamorese.it\/wp-content\/uploads\/2021\/08\/IMG_1541-1-2.jpg","url":"https:\/\/www.claudioamorese.it\/wp-content\/uploads\/2021\/08\/IMG_1541-1-2.jpg","contentUrl":"https:\/\/www.claudioamorese.it\/wp-content\/uploads\/2021\/08\/IMG_1541-1-2.jpg","width":467,"height":700,"caption":"Claudio Amorese"},"logo":{"@id":"https:\/\/www.claudioamorese.it\/wp-content\/uploads\/2021\/08\/IMG_1541-1-2.jpg"}}]}},"_links":{"self":[{"href":"https:\/\/www.claudioamorese.it\/en\/wp-json\/wp\/v2\/posts\/2410","targetHints":{"allow":["GET"]}}],"collection":[{"href":"https:\/\/www.claudioamorese.it\/en\/wp-json\/wp\/v2\/posts"}],"about":[{"href":"https:\/\/www.claudioamorese.it\/en\/wp-json\/wp\/v2\/types\/post"}],"author":[{"embeddable":true,"href":"https:\/\/www.claudioamorese.it\/en\/wp-json\/wp\/v2\/users\/1"}],"replies":[{"embeddable":true,"href":"https:\/\/www.claudioamorese.it\/en\/wp-json\/wp\/v2\/comments?post=2410"}],"version-history":[{"count":6,"href":"https:\/\/www.claudioamorese.it\/en\/wp-json\/wp\/v2\/posts\/2410\/revisions"}],"predecessor-version":[{"id":2542,"href":"https:\/\/www.claudioamorese.it\/en\/wp-json\/wp\/v2\/posts\/2410\/revisions\/2542"}],"wp:attachment":[{"href":"https:\/\/www.claudioamorese.it\/en\/wp-json\/wp\/v2\/media?parent=2410"}],"wp:term":[{"taxonomy":"category","embeddable":true,"href":"https:\/\/www.claudioamorese.it\/en\/wp-json\/wp\/v2\/categories?post=2410"},{"taxonomy":"post_tag","embeddable":true,"href":"https:\/\/www.claudioamorese.it\/en\/wp-json\/wp\/v2\/tags?post=2410"}],"curies":[{"name":"wp","href":"https:\/\/api.w.org\/{rel}","templated":true}]}}